{"id":2786,"date":"2019-08-20T11:24:18","date_gmt":"2019-08-20T11:24:18","guid":{"rendered":"https:\/\/gumy.es\/?p=2786"},"modified":"2019-09-17T11:25:08","modified_gmt":"2019-09-17T11:25:08","slug":"centenario-ud-alzira","status":"publish","type":"post","link":"https:\/\/gumy.es\/?p=2786","title":{"rendered":"Centenario UD Alzira"},"content":{"rendered":"<p>La UD Alzira, es un club hist\u00f3rico, a punto de cumplir cien a\u00f1os, con muchos aficionados y simpatizantes, con una escuela ejemplar, un equipo donde muchos jugadores sue\u00f1an jugar defendiendo el escudo en el magn\u00edfico estadio Luis Su\u00f1er Pico.<\/p>\n<p><img loading=\"lazy\" decoding=\"async\" class=\"size-medium wp-image-2788 aligncenter\" src=\"https:\/\/gumy.es\/wp-content\/uploads\/2019\/09\/Gumy-con-el-centenario-de-la-UD-Alzira-300x236.jpg\" alt=\"\" width=\"300\" height=\"236\" srcset=\"https:\/\/gumy.es\/wp-content\/uploads\/2019\/09\/Gumy-con-el-centenario-de-la-UD-Alzira-300x236.jpg 300w, https:\/\/gumy.es\/wp-content\/uploads\/2019\/09\/Gumy-con-el-centenario-de-la-UD-Alzira-768x605.jpg 768w, https:\/\/gumy.es\/wp-content\/uploads\/2019\/09\/Gumy-con-el-centenario-de-la-UD-Alzira-1024x807.jpg 1024w, https:\/\/gumy.es\/wp-content\/uploads\/2019\/09\/Gumy-con-el-centenario-de-la-UD-Alzira.jpg 1138w\" sizes=\"auto, (max-width: 300px) 100vw, 300px\" \/><\/p>\n<p>Por ello una vez se acerca un momento hist\u00f3rico para el club y para todos los que somos parte de \u00e9l, se busca generar un plus adicional fuera del deporte, algo que pueda dejar huella y colaborar en general con la sociedad. Gumy quiere unirse al proyecto, y junto con el club van a desarrollar una serie de acciones que desde el primer \u201cquerub\u00edn\u201d hasta el \u00faltimo jugador del primer equipo, pasando por los t\u00e9cnicos y dem\u00e1s gente vinculada al club, pretenden llevar a cabo.<\/p>\n<p>En septiembre empezaremos a ofrecer detalles&#8230; \u00a1Te sorprender\u00e1 lo que la <a href=\"https:\/\/www.udalzira.com\/index2.htm\">UD Alzira<\/a>\u00a0tiene preparado para ti!<\/p>\n","protected":false},"excerpt":{"rendered":"<p>La UD Alzira, es un club hist\u00f3rico, a punto de cumplir cien a\u00f1os, con muchos aficionados y simpatizantes, con una<\/p>\n","protected":false},"author":15,"featured_media":2787,"comment_status":"closed","ping_status":"closed","sticky":false,"template":"","format":"standard","meta":{"footnotes":""},"categories":[571,1],"tags":[155,577,575,579,581,573,307],"class_list":["post-2786","post","type-post","status-publish","format-standard","has-post-thumbnail","hentry","category-deporte","category-gumy_es","tag-alzira","tag-deporte","tag-futbol","tag-patrocinador-oficial","tag-temporada-2019-2020","tag-ud-alzira","tag-valencia"],"_links":{"self":[{"href":"https:\/\/gumy.es\/index.php?rest_route=\/wp\/v2\/posts\/2786","targetHints":{"allow":["GET"]}}],"collection":[{"href":"https:\/\/gumy.es\/index.php?rest_route=\/wp\/v2\/posts"}],"about":[{"href":"https:\/\/gumy.es\/index.php?rest_route=\/wp\/v2\/types\/post"}],"author":[{"embeddable":true,"href":"https:\/\/gumy.es\/index.php?rest_route=\/wp\/v2\/users\/15"}],"replies":[{"embeddable":true,"href":"https:\/\/gumy.es\/index.php?rest_route=%2Fwp%2Fv2%2Fcomments&post=2786"}],"version-history":[{"count":1,"href":"https:\/\/gumy.es\/index.php?rest_route=\/wp\/v2\/posts\/2786\/revisions"}],"predecessor-version":[{"id":2789,"href":"https:\/\/gumy.es\/index.php?rest_route=\/wp\/v2\/posts\/2786\/revisions\/2789"}],"wp:featuredmedia":[{"embeddable":true,"href":"https:\/\/gumy.es\/index.php?rest_route=\/wp\/v2\/media\/2787"}],"wp:attachment":[{"href":"https:\/\/gumy.es\/index.php?rest_route=%2Fwp%2Fv2%2Fmedia&parent=2786"}],"wp:term":[{"taxonomy":"category","embeddable":true,"href":"https:\/\/gumy.es\/index.php?rest_route=%2Fwp%2Fv2%2Fcategories&post=2786"},{"taxonomy":"post_tag","embeddable":true,"href":"https:\/\/gumy.es\/index.php?rest_route=%2Fwp%2Fv2%2Ftags&post=2786"}],"curies":[{"name":"wp","href":"https:\/\/api.w.org\/{rel}","templated":true}]}}